{"id":432,"date":"2019-07-14T22:17:59","date_gmt":"2019-07-14T20:17:59","guid":{"rendered":"http:\/\/www.hirschbiegel.de\/ganz-einfach-erklaert\/?p=432"},"modified":"2019-07-14T22:17:59","modified_gmt":"2019-07-14T20:17:59","slug":"ganz-einfach-erklaert-anja-karliczek","status":"publish","type":"post","link":"http:\/\/www.hirschbiegel.de\/ganz-einfach-erklaert\/ganz-einfach-erklaert-anja-karliczek\/","title":{"rendered":"Ganz einfach erkl\u00e4rt: Anja Karliczek"},"content":{"rendered":"\n<p><strong>Die Anja hat die Hortensienkultur K\u00f6tterheinrich in Lengerich im M\u00fcnsterland besucht. Warum? Weil: &#8222;Hortensien sind beliebte Gartenpflanzen (um genau zu sein: Zierstr\u00e4ucher) in unserer Region.&#8220; So steht es geschrieben. Auf der Webseite von der Anja.<\/strong><\/p>\n\n\n\n<p>Die Anja ist in der CDU und h\u00e4ngt gern rum in ihrem Wahlkreis oder da in der N\u00e4he. In ihrem Wahlkreis, der Tecklenburger Land hei\u00dft, liegt auch Westerkappeln. Da gibt es ein Gartenprojekt. Das hat sich die Anja auch <a href=\"https:\/\/anja-karliczek.de\/anja-karliczek-besucht-gartenprojekt-am-kapellenweg-in-westerkappeln\/\">angekuckt<\/a>. Mit Natur und was so los ist auf dem Land in ihrem Wahlkreis scheint es die Anja zu haben. Mit ihrer eigentlichen Besch\u00e4ftigung scheinbar weniger.<\/p>\n\n\n\n<p>Die Anja ist n\u00e4mlich die Chefin vom Bundesministerium f\u00fcr Bildung und Forschung. Eigentlich. Warum? Das fragen die sich selbst in der CDU. Angeblich, weil noch eine Frau f\u00fcr den Proporz in den  Regierungsministerien gebraucht wurde. Und die, die mindestens genauso wenig Ahnung von Bildung und Forschung hat, schon zur Bundesministerin f\u00fcr Ern\u00e4hrung und Landwirtschaft ernannt wurde. Weil sie als Weink\u00f6nigin a.D. immerhin wei\u00df, wie ein Acker aussieht. <\/p>\n\n\n\n<p>So richtig wei\u00df die Anja augenscheinlich auch nicht, was sie da so tun soll f\u00fcr die Schulen und Hochschulen in Deutschland. Woher auch? Damit hatte sie bislang ja praktisch nichts am Hut. Daf\u00fcr viel mehr mit dem Tecklenburger Land. Das ist sch\u00f6n klein, man kennt die Anja da, und Berlin, wo die Arbeit auf sie wartet, ist ganz sch\u00f6n weit weg. Kann man aber verstehen: so eine Hortensie macht deutlich weniger \u00c4rger, als beispielsweise die hochgradig fragw\u00fcrdige Verteilung von F\u00f6rdergeldern des Bundesministeriums. Mehrere hundert Millionen Euro gehen f\u00fcr eine Forschungsfabrik mit vielen neuen Arbeitspl\u00e4tzen an die Universit\u00e4t M\u00fcnster. M\u00fcnster liegt im Nachbarwahlkreis von der Anja.  <\/p>\n\n\n\n<p>Die Anja sagt:  &#8222;Ich will den B\u00fcrgern zeigen, dass die \u00f6ffentlich finanzierte Forschung und Bildung ihr Leben verbessert.&#8220; Rund um das Tecklenburger Land scheint die Anja immerhin alles richtig zu machen. Fehlt jetzt nur noch der Rest der Republik. Was wahrscheinlich nicht einfach wird. Ein Gutteil der Staatssekret\u00e4re, die die Anja ins Amt holte, ist angeblich genauso ahnungslos wie sie. Daf\u00fcr stellte sie einer mutma\u00dflich kompetenten Mitarbeiterin die <a href=\"https:\/\/www.zeit.de\/2018\/47\/anja-karliczek-cdu-bundesbildungsministerium-kritik\/komplettansicht\">Koffer vor die T\u00fcr<\/a>. Weil die wirklich was von Bildung und Forschung verstand? Die Antwort kennt nur der Wind, der \u00fcbers Tecklenburger Land weht. <\/p>\n\n\n\n<p>Oder Terra X. Das kuckt die Anja gern und <a href=\"https:\/\/www.spiegel.de\/lebenundlernen\/uni\/anja-karliczek-die-gluecklose-bildungsministerin-auf-sommerreise-a-1276941.html\">sagt<\/a>: &#8222;Da wurde berichtet, dass ganz viel Wissen in der Vergangenheit schon einmal vorhanden war und dann verloren gegangen ist. Und jetzt m\u00fcssen wir uns das m\u00fchsam wieder aneignen.&#8220;<\/p>\n","protected":false},"excerpt":{"rendered":"<p>Die Anja hat die Hortensienkultur K\u00f6tterheinrich in Lengerich im M\u00fcnsterland besucht. Warum? Weil: &#8222;Hortensien sind beliebte Gartenpflanzen (um genau zu sein: Zierstr\u00e4ucher) in unserer Region.&#8220; &hellip; <span class=\"more-button\"><a href=\"http:\/\/www.hirschbiegel.de\/ganz-einfach-erklaert\/ganz-einfach-erklaert-anja-karliczek\/\" class=\"more-link\">mehr<span class=\"screen-reader-text\">Ganz einfach erkl\u00e4rt: Anja Karliczek<\/span><\/a><\/span><\/p>\n","protected":false},"author":1,"featured_media":0,"comment_status":"open","ping_status":"open","sticky":false,"template":"","format":"standard","meta":{"footnotes":""},"categories":[2],"tags":[],"class_list":["post-432","post","type-post","status-publish","format-standard","hentry","category-personen"],"_links":{"self":[{"href":"http:\/\/www.hirschbiegel.de\/ganz-einfach-erklaert\/wp-json\/wp\/v2\/posts\/432","targetHints":{"allow":["GET"]}}],"collection":[{"href":"http:\/\/www.hirschbiegel.de\/ganz-einfach-erklaert\/wp-json\/wp\/v2\/posts"}],"about":[{"href":"http:\/\/www.hirschbiegel.de\/ganz-einfach-erklaert\/wp-json\/wp\/v2\/types\/post"}],"author":[{"embeddable":true,"href":"http:\/\/www.hirschbiegel.de\/ganz-einfach-erklaert\/wp-json\/wp\/v2\/users\/1"}],"replies":[{"embeddable":true,"href":"http:\/\/www.hirschbiegel.de\/ganz-einfach-erklaert\/wp-json\/wp\/v2\/comments?post=432"}],"version-history":[{"count":0,"href":"http:\/\/www.hirschbiegel.de\/ganz-einfach-erklaert\/wp-json\/wp\/v2\/posts\/432\/revisions"}],"wp:attachment":[{"href":"http:\/\/www.hirschbiegel.de\/ganz-einfach-erklaert\/wp-json\/wp\/v2\/media?parent=432"}],"wp:term":[{"taxonomy":"category","embeddable":true,"href":"http:\/\/www.hirschbiegel.de\/ganz-einfach-erklaert\/wp-json\/wp\/v2\/categories?post=432"},{"taxonomy":"post_tag","embeddable":true,"href":"http:\/\/www.hirschbiegel.de\/ganz-einfach-erklaert\/wp-json\/wp\/v2\/tags?post=432"}],"curies":[{"name":"wp","href":"https:\/\/api.w.org\/{rel}","templated":true}]}}